{"id":1499,"date":"2024-05-04T10:39:05","date_gmt":"2024-05-04T10:39:05","guid":{"rendered":"https:\/\/aaccadiz.com\/temp\/?p=1499"},"modified":"2024-06-27T11:01:23","modified_gmt":"2024-06-27T11:01:23","slug":"lo-mejo-de-lo-mejon-2024","status":"publish","type":"post","link":"https:\/\/aaccadiz.com\/noticias\/lo-mejo-de-lo-mejon-2024\/","title":{"rendered":"LO MEJ\u00d3 DE LO MEJ\u00d3N 2024"},"content":{"rendered":"<p>Mejor Direcci\u00f3n Musical (coros)<br \/>\nEl Para\u00edso<br \/>\nMejor Cuerda de Tenores (coros)<br \/>\nLos iluminados<br \/>\nMejor Cuerda de Segunda (coros)<br \/>\nLos Luci\u00e9rnagas<br \/>\nMejor Cuerda de Bajo (coros)<br \/>\nLos iluminados<br \/>\nMejor Falseta (coros)<br \/>\nLa Fiesta de los Locos<br \/>\nMejor Direcci\u00f3n Musical (comparsas)<br \/>\nLos Colgaos<br \/>\nMejor Cuerda de Tenores (comparsas)<br \/>\nLa Oveja Negra<br \/>\nMejor Cuerda de Segunda (comparsas)<br \/>\nLos Colgaos<br \/>\nMejor Contralto<br \/>\nAntonio Lanceta Arag\u00f3n (comparsa La Alegr\u00eda de C\u00e1diz)<br \/>\nMejor Puesta en Escena<br \/>\nEl Joyero<br \/>\nMejor Direcci\u00f3n Musical (chirigotas)<br \/>\nLos Chabolis<br \/>\nMejor Cuerda de Tenores (chirigotas)<br \/>\nEl Grinch de C\u00e1i<br \/>\nMejor Cuerda de Segunda (chirigotas)<br \/>\nTe he dicho 1.748.654 veces que no soy exagerado (Los Exageraos)<br \/>\nMejor Percusi\u00f3n<br \/>\nLos Chabolis<br \/>\nMejor Cuartetero<br \/>\nFrancisco Javier Aguilera Ceballos<br \/>\nOtros Premios otorgados por la AACC para el Festival Lo Mej\u00f3 de lo Mej\u00f3n del pr\u00f3ximo 4 de Mayo en el G. Teatro Falla<br \/>\n\u00abM\u00e1s Chulo que un Ocho\u00bb<br \/>\nFrancisco Javier Boh\u00f3rquez Gutierrez<br \/>\n(Director de la comparsa Los Colgaos)<br \/>\n\u00abM\u00e1s Chula que un Ocho\u00bb<br \/>\nTamara Beardo Gonz\u00e1lez (Directora de la comparsa Las Chirigoteras)<\/p>\n<p>\u00abQu\u00e9date con la Copla\u00bb<br \/>\nTe he dicho 1.748.654 veces que no soy exagerao (Los Exageraos)<br \/>\n\u00abAgrupaci\u00f3n m\u00e1s Popular\u00bb<br \/>\nTe Como T\u00fa Cara (Chirigota)<br \/>\n\u00abPremio Jos\u00e9 Mac\u00edas Rete\u00bb<br \/>\n(Apuesta por la Cr\u00edtica y Valores del Coro Tradicional)<br \/>\nEl Gremio (Coro)<br \/>\nJurado<br \/>\n-Antonio Fern\u00e1ndez Repeto<br \/>\n-Anabel Tirado L\u00f3pez<br \/>\n-Antonio Gonz\u00e1lez Herrera<br \/>\n-Mar\u00eda del Carmen Escalante Ram\u00edrez<br \/>\ny Juan Mesa Campos (Secretario Coordinador)<\/p>\n","protected":false},"excerpt":{"rendered":"<p>Mejor Direcci\u00f3n Musical (coros) El Para\u00edso Mejor Cuerda de Tenores (coros) Los iluminados Mejor Cuerda de Segunda (coros) Los Luci\u00e9rnagas<\/p>\n","protected":false},"author":1,"featured_media":10,"comment_status":"open","ping_status":"open","sticky":false,"template":"","format":"standard","meta":{"colormag_page_container_layout":"default_layout","colormag_page_sidebar_layout":"default_layout","_jetpack_memberships_contains_paid_content":false,"footnotes":""},"categories":[19,7],"tags":[],"class_list":["post-1499","post","type-post","status-publish","format-standard","has-post-thumbnail","hentry","category-noticias","category-popular"],"magazineBlocksPostFeaturedMedia":{"thumbnail":"https:\/\/i0.wp.com\/aaccadiz.com\/noticias\/wp-content\/uploads\/2024\/06\/slider_1.jpg?fit=200%2C133&ssl=1","medium":"https:\/\/i0.wp.com\/aaccadiz.com\/noticias\/wp-content\/uploads\/2024\/06\/slider_1.jpg?fit=300%2C200&ssl=1","medium_large":"https:\/\/i0.wp.com\/aaccadiz.com\/noticias\/wp-content\/uploads\/2024\/06\/slider_1.jpg?fit=768%2C511&ssl=1","large":"https:\/\/i0.wp.com\/aaccadiz.com\/noticias\/wp-content\/uploads\/2024\/06\/slider_1.jpg?fit=800%2C533&ssl=1","1536x1536":"https:\/\/i0.wp.com\/aaccadiz.com\/noticias\/wp-content\/uploads\/2024\/06\/slider_1.jpg?fit=1536%2C1022&ssl=1","2048x2048":"https:\/\/i0.wp.com\/aaccadiz.com\/noticias\/wp-content\/uploads\/2024\/06\/slider_1.jpg?fit=1600%2C1065&ssl=1","colormag-highlighted-post":"https:\/\/i0.wp.com\/aaccadiz.com\/noticias\/wp-content\/uploads\/2024\/06\/slider_1.jpg?resize=392%2C272&ssl=1","colormag-featured-post-medium":"https:\/\/i0.wp.com\/aaccadiz.com\/noticias\/wp-content\/uploads\/2024\/06\/slider_1.jpg?resize=390%2C205&ssl=1","colormag-featured-post-small":"https:\/\/i0.wp.com\/aaccadiz.com\/noticias\/wp-content\/uploads\/2024\/06\/slider_1.jpg?resize=130%2C90&ssl=1","colormag-featured-image":"https:\/\/i0.wp.com\/aaccadiz.com\/noticias\/wp-content\/uploads\/2024\/06\/slider_1.jpg?resize=800%2C445&ssl=1","colormag-default-news":"https:\/\/i0.wp.com\/aaccadiz.com\/noticias\/wp-content\/uploads\/2024\/06\/slider_1.jpg?resize=150%2C150&ssl=1","colormag-featured-image-large":"https:\/\/i0.wp.com\/aaccadiz.com\/noticias\/wp-content\/uploads\/2024\/06\/slider_1.jpg?resize=1400%2C600&ssl=1","colormag-elementor-block-extra-large-thumbnail":"https:\/\/i0.wp.com\/aaccadiz.com\/noticias\/wp-content\/uploads\/2024\/06\/slider_1.jpg?resize=1155%2C480&ssl=1","colormag-elementor-grid-large-thumbnail":"https:\/\/i0.wp.com\/aaccadiz.com\/noticias\/wp-content\/uploads\/2024\/06\/slider_1.jpg?resize=600%2C417&ssl=1","colormag-elementor-grid-small-thumbnail":"https:\/\/i0.wp.com\/aaccadiz.com\/noticias\/wp-content\/uploads\/2024\/06\/slider_1.jpg?resize=285%2C450&ssl=1","colormag-elementor-grid-medium-large-thumbnail":"https:\/\/i0.wp.com\/aaccadiz.com\/noticias\/wp-content\/uploads\/2024\/06\/slider_1.jpg?resize=575%2C198&ssl=1"},"magazineBlocksPostAuthor":{"name":"admin","avatar":"https:\/\/secure.gravatar.com\/avatar\/3c4ced6c95544000c9086543bc2f3cf1075f1b16463799e744e2f0ed2bf08c9f?s=96&d=mm&r=g"},"magazineBlocksPostCommentsNumber":"0","magazineBlocksPostExcerpt":"Mejor Direcci\u00f3n Musical (coros) El Para\u00edso Mejor Cuerda de Tenores (coros) Los iluminados Mejor Cuerda de Segunda (coros) Los Luci\u00e9rnagas","magazineBlocksPostCategories":["Noticias","Popular"],"magazineBlocksPostViewCount":673,"magazineBlocksPostReadTime":2,"magazine_blocks_featured_image_url":{"full":["https:\/\/i0.wp.com\/aaccadiz.com\/noticias\/wp-content\/uploads\/2024\/06\/slider_1.jpg?fit=1600%2C1065&ssl=1",1600,1065,false],"medium":["https:\/\/i0.wp.com\/aaccadiz.com\/noticias\/wp-content\/uploads\/2024\/06\/slider_1.jpg?fit=300%2C200&ssl=1",300,200,true],"thumbnail":["https:\/\/i0.wp.com\/aaccadiz.com\/noticias\/wp-content\/uploads\/2024\/06\/slider_1.jpg?fit=200%2C133&ssl=1",200,133,true]},"magazine_blocks_author":{"display_name":"admin","author_link":"https:\/\/aaccadiz.com\/noticias\/author\/aacc\/"},"magazine_blocks_comment":0,"magazine_blocks_author_image":"https:\/\/secure.gravatar.com\/avatar\/3c4ced6c95544000c9086543bc2f3cf1075f1b16463799e744e2f0ed2bf08c9f?s=96&d=mm&r=g","magazine_blocks_category":"<a href=\"#\" class=\"category-link category-link-19\">Noticias<\/a> <a href=\"#\" class=\"category-link category-link-7\">Popular<\/a>","yoast_head":"<!-- This site is optimized with the Yoast SEO plugin v26.5 - https:\/\/yoast.com\/wordpress\/plugins\/seo\/ -->\n<title>LO MEJ\u00d3 DE LO MEJ\u00d3N 2024 - :: Asociacion de Autores ::<\/title>\n<meta name=\"robots\" content=\"index, follow, max-snippet:-1, max-image-preview:large, max-video-preview:-1\" \/>\n<link rel=\"canonical\" href=\"https:\/\/aaccadiz.com\/noticias\/lo-mejo-de-lo-mejon-2024\/\" \/>\n<meta property=\"og:locale\" content=\"es_ES\" \/>\n<meta property=\"og:type\" content=\"article\" \/>\n<meta property=\"og:title\" content=\"LO MEJ\u00d3 DE LO MEJ\u00d3N 2024 - :: Asociacion de Autores ::\" \/>\n<meta property=\"og:description\" content=\"Mejor Direcci\u00f3n Musical (coros) El Para\u00edso Mejor Cuerda de Tenores (coros) Los iluminados Mejor Cuerda de Segunda (coros) Los Luci\u00e9rnagas\" \/>\n<meta property=\"og:url\" content=\"https:\/\/aaccadiz.com\/noticias\/lo-mejo-de-lo-mejon-2024\/\" \/>\n<meta property=\"og:site_name\" content=\":: Asociacion de Autores ::\" \/>\n<meta property=\"article:published_time\" content=\"2024-05-04T10:39:05+00:00\" \/>\n<meta property=\"article:modified_time\" content=\"2024-06-27T11:01:23+00:00\" \/>\n<meta property=\"og:image\" content=\"https:\/\/aaccadiz.com\/noticias\/wp-content\/uploads\/2024\/06\/slider_1.jpg\" \/>\n\t<meta property=\"og:image:width\" content=\"1600\" \/>\n\t<meta property=\"og:image:height\" content=\"1065\" \/>\n\t<meta property=\"og:image:type\" content=\"image\/jpeg\" \/>\n<meta name=\"author\" content=\"admin\" \/>\n<meta name=\"twitter:card\" content=\"summary_large_image\" \/>\n<meta name=\"twitter:label1\" content=\"Escrito por\" \/>\n\t<meta name=\"twitter:data1\" content=\"admin\" \/>\n\t<meta name=\"twitter:label2\" content=\"Tiempo de lectura\" \/>\n\t<meta name=\"twitter:data2\" content=\"2 minutos\" \/>\n<script type=\"application\/ld+json\" class=\"yoast-schema-graph\">{\"@context\":\"https:\/\/schema.org\",\"@graph\":[{\"@type\":\"WebPage\",\"@id\":\"https:\/\/aaccadiz.com\/noticias\/lo-mejo-de-lo-mejon-2024\/\",\"url\":\"https:\/\/aaccadiz.com\/noticias\/lo-mejo-de-lo-mejon-2024\/\",\"name\":\"LO MEJ\u00d3 DE LO MEJ\u00d3N 2024 - :: Asociacion de Autores ::\",\"isPartOf\":{\"@id\":\"https:\/\/aaccadiz.com\/noticias\/#website\"},\"primaryImageOfPage\":{\"@id\":\"https:\/\/aaccadiz.com\/noticias\/lo-mejo-de-lo-mejon-2024\/#primaryimage\"},\"image\":{\"@id\":\"https:\/\/aaccadiz.com\/noticias\/lo-mejo-de-lo-mejon-2024\/#primaryimage\"},\"thumbnailUrl\":\"https:\/\/i0.wp.com\/aaccadiz.com\/noticias\/wp-content\/uploads\/2024\/06\/slider_1.jpg?fit=1600%2C1065&ssl=1\",\"datePublished\":\"2024-05-04T10:39:05+00:00\",\"dateModified\":\"2024-06-27T11:01:23+00:00\",\"author\":{\"@id\":\"https:\/\/aaccadiz.com\/noticias\/#\/schema\/person\/b22c77c0cb3e0a1f5e631de4957682b2\"},\"breadcrumb\":{\"@id\":\"https:\/\/aaccadiz.com\/noticias\/lo-mejo-de-lo-mejon-2024\/#breadcrumb\"},\"inLanguage\":\"es\",\"potentialAction\":[{\"@type\":\"ReadAction\",\"target\":[\"https:\/\/aaccadiz.com\/noticias\/lo-mejo-de-lo-mejon-2024\/\"]}]},{\"@type\":\"ImageObject\",\"inLanguage\":\"es\",\"@id\":\"https:\/\/aaccadiz.com\/noticias\/lo-mejo-de-lo-mejon-2024\/#primaryimage\",\"url\":\"https:\/\/i0.wp.com\/aaccadiz.com\/noticias\/wp-content\/uploads\/2024\/06\/slider_1.jpg?fit=1600%2C1065&ssl=1\",\"contentUrl\":\"https:\/\/i0.wp.com\/aaccadiz.com\/noticias\/wp-content\/uploads\/2024\/06\/slider_1.jpg?fit=1600%2C1065&ssl=1\",\"width\":1600,\"height\":1065},{\"@type\":\"BreadcrumbList\",\"@id\":\"https:\/\/aaccadiz.com\/noticias\/lo-mejo-de-lo-mejon-2024\/#breadcrumb\",\"itemListElement\":[{\"@type\":\"ListItem\",\"position\":1,\"name\":\"Portada\",\"item\":\"https:\/\/aaccadiz.com\/noticias\/\"},{\"@type\":\"ListItem\",\"position\":2,\"name\":\"LO MEJ\u00d3 DE LO MEJ\u00d3N 2024\"}]},{\"@type\":\"WebSite\",\"@id\":\"https:\/\/aaccadiz.com\/noticias\/#website\",\"url\":\"https:\/\/aaccadiz.com\/noticias\/\",\"name\":\":: Asociacion de Autores ::\",\"description\":\"Asociacion de Autores del Carnaval de C\u00e1diz\",\"potentialAction\":[{\"@type\":\"SearchAction\",\"target\":{\"@type\":\"EntryPoint\",\"urlTemplate\":\"https:\/\/aaccadiz.com\/noticias\/?s={search_term_string}\"},\"query-input\":{\"@type\":\"PropertyValueSpecification\",\"valueRequired\":true,\"valueName\":\"search_term_string\"}}],\"inLanguage\":\"es\"},{\"@type\":\"Person\",\"@id\":\"https:\/\/aaccadiz.com\/noticias\/#\/schema\/person\/b22c77c0cb3e0a1f5e631de4957682b2\",\"name\":\"admin\",\"image\":{\"@type\":\"ImageObject\",\"inLanguage\":\"es\",\"@id\":\"https:\/\/aaccadiz.com\/noticias\/#\/schema\/person\/image\/\",\"url\":\"https:\/\/secure.gravatar.com\/avatar\/3c4ced6c95544000c9086543bc2f3cf1075f1b16463799e744e2f0ed2bf08c9f?s=96&d=mm&r=g\",\"contentUrl\":\"https:\/\/secure.gravatar.com\/avatar\/3c4ced6c95544000c9086543bc2f3cf1075f1b16463799e744e2f0ed2bf08c9f?s=96&d=mm&r=g\",\"caption\":\"admin\"},\"sameAs\":[\"https:\/\/aaccadiz.com\/web\"],\"url\":\"https:\/\/aaccadiz.com\/noticias\/author\/aacc\/\"}]}<\/script>\n<!-- \/ Yoast SEO plugin. -->","yoast_head_json":{"title":"LO MEJ\u00d3 DE LO MEJ\u00d3N 2024 - :: Asociacion de Autores ::","robots":{"index":"index","follow":"follow","max-snippet":"max-snippet:-1","max-image-preview":"max-image-preview:large","max-video-preview":"max-video-preview:-1"},"canonical":"https:\/\/aaccadiz.com\/noticias\/lo-mejo-de-lo-mejon-2024\/","og_locale":"es_ES","og_type":"article","og_title":"LO MEJ\u00d3 DE LO MEJ\u00d3N 2024 - :: Asociacion de Autores ::","og_description":"Mejor Direcci\u00f3n Musical (coros) El Para\u00edso Mejor Cuerda de Tenores (coros) Los iluminados Mejor Cuerda de Segunda (coros) Los Luci\u00e9rnagas","og_url":"https:\/\/aaccadiz.com\/noticias\/lo-mejo-de-lo-mejon-2024\/","og_site_name":":: Asociacion de Autores ::","article_published_time":"2024-05-04T10:39:05+00:00","article_modified_time":"2024-06-27T11:01:23+00:00","og_image":[{"width":1600,"height":1065,"url":"https:\/\/aaccadiz.com\/noticias\/wp-content\/uploads\/2024\/06\/slider_1.jpg","type":"image\/jpeg"}],"author":"admin","twitter_card":"summary_large_image","twitter_misc":{"Escrito por":"admin","Tiempo de lectura":"2 minutos"},"schema":{"@context":"https:\/\/schema.org","@graph":[{"@type":"WebPage","@id":"https:\/\/aaccadiz.com\/noticias\/lo-mejo-de-lo-mejon-2024\/","url":"https:\/\/aaccadiz.com\/noticias\/lo-mejo-de-lo-mejon-2024\/","name":"LO MEJ\u00d3 DE LO MEJ\u00d3N 2024 - :: Asociacion de Autores ::","isPartOf":{"@id":"https:\/\/aaccadiz.com\/noticias\/#website"},"primaryImageOfPage":{"@id":"https:\/\/aaccadiz.com\/noticias\/lo-mejo-de-lo-mejon-2024\/#primaryimage"},"image":{"@id":"https:\/\/aaccadiz.com\/noticias\/lo-mejo-de-lo-mejon-2024\/#primaryimage"},"thumbnailUrl":"https:\/\/i0.wp.com\/aaccadiz.com\/noticias\/wp-content\/uploads\/2024\/06\/slider_1.jpg?fit=1600%2C1065&ssl=1","datePublished":"2024-05-04T10:39:05+00:00","dateModified":"2024-06-27T11:01:23+00:00","author":{"@id":"https:\/\/aaccadiz.com\/noticias\/#\/schema\/person\/b22c77c0cb3e0a1f5e631de4957682b2"},"breadcrumb":{"@id":"https:\/\/aaccadiz.com\/noticias\/lo-mejo-de-lo-mejon-2024\/#breadcrumb"},"inLanguage":"es","potentialAction":[{"@type":"ReadAction","target":["https:\/\/aaccadiz.com\/noticias\/lo-mejo-de-lo-mejon-2024\/"]}]},{"@type":"ImageObject","inLanguage":"es","@id":"https:\/\/aaccadiz.com\/noticias\/lo-mejo-de-lo-mejon-2024\/#primaryimage","url":"https:\/\/i0.wp.com\/aaccadiz.com\/noticias\/wp-content\/uploads\/2024\/06\/slider_1.jpg?fit=1600%2C1065&ssl=1","contentUrl":"https:\/\/i0.wp.com\/aaccadiz.com\/noticias\/wp-content\/uploads\/2024\/06\/slider_1.jpg?fit=1600%2C1065&ssl=1","width":1600,"height":1065},{"@type":"BreadcrumbList","@id":"https:\/\/aaccadiz.com\/noticias\/lo-mejo-de-lo-mejon-2024\/#breadcrumb","itemListElement":[{"@type":"ListItem","position":1,"name":"Portada","item":"https:\/\/aaccadiz.com\/noticias\/"},{"@type":"ListItem","position":2,"name":"LO MEJ\u00d3 DE LO MEJ\u00d3N 2024"}]},{"@type":"WebSite","@id":"https:\/\/aaccadiz.com\/noticias\/#website","url":"https:\/\/aaccadiz.com\/noticias\/","name":":: Asociacion de Autores ::","description":"Asociacion de Autores del Carnaval de C\u00e1diz","potentialAction":[{"@type":"SearchAction","target":{"@type":"EntryPoint","urlTemplate":"https:\/\/aaccadiz.com\/noticias\/?s={search_term_string}"},"query-input":{"@type":"PropertyValueSpecification","valueRequired":true,"valueName":"search_term_string"}}],"inLanguage":"es"},{"@type":"Person","@id":"https:\/\/aaccadiz.com\/noticias\/#\/schema\/person\/b22c77c0cb3e0a1f5e631de4957682b2","name":"admin","image":{"@type":"ImageObject","inLanguage":"es","@id":"https:\/\/aaccadiz.com\/noticias\/#\/schema\/person\/image\/","url":"https:\/\/secure.gravatar.com\/avatar\/3c4ced6c95544000c9086543bc2f3cf1075f1b16463799e744e2f0ed2bf08c9f?s=96&d=mm&r=g","contentUrl":"https:\/\/secure.gravatar.com\/avatar\/3c4ced6c95544000c9086543bc2f3cf1075f1b16463799e744e2f0ed2bf08c9f?s=96&d=mm&r=g","caption":"admin"},"sameAs":["https:\/\/aaccadiz.com\/web"],"url":"https:\/\/aaccadiz.com\/noticias\/author\/aacc\/"}]}},"jetpack_featured_media_url":"https:\/\/i0.wp.com\/aaccadiz.com\/noticias\/wp-content\/uploads\/2024\/06\/slider_1.jpg?fit=1600%2C1065&ssl=1","jetpack_likes_enabled":true,"jetpack_sharing_enabled":true,"_links":{"self":[{"href":"https:\/\/aaccadiz.com\/noticias\/wp-json\/wp\/v2\/posts\/1499","targetHints":{"allow":["GET"]}}],"collection":[{"href":"https:\/\/aaccadiz.com\/noticias\/wp-json\/wp\/v2\/posts"}],"about":[{"href":"https:\/\/aaccadiz.com\/noticias\/wp-json\/wp\/v2\/types\/post"}],"author":[{"embeddable":true,"href":"https:\/\/aaccadiz.com\/noticias\/wp-json\/wp\/v2\/users\/1"}],"replies":[{"embeddable":true,"href":"https:\/\/aaccadiz.com\/noticias\/wp-json\/wp\/v2\/comments?post=1499"}],"version-history":[{"count":1,"href":"https:\/\/aaccadiz.com\/noticias\/wp-json\/wp\/v2\/posts\/1499\/revisions"}],"predecessor-version":[{"id":1501,"href":"https:\/\/aaccadiz.com\/noticias\/wp-json\/wp\/v2\/posts\/1499\/revisions\/1501"}],"wp:featuredmedia":[{"embeddable":true,"href":"https:\/\/aaccadiz.com\/noticias\/wp-json\/wp\/v2\/media\/10"}],"wp:attachment":[{"href":"https:\/\/aaccadiz.com\/noticias\/wp-json\/wp\/v2\/media?parent=1499"}],"wp:term":[{"taxonomy":"category","embeddable":true,"href":"https:\/\/aaccadiz.com\/noticias\/wp-json\/wp\/v2\/categories?post=1499"},{"taxonomy":"post_tag","embeddable":true,"href":"https:\/\/aaccadiz.com\/noticias\/wp-json\/wp\/v2\/tags?post=1499"}],"curies":[{"name":"wp","href":"https:\/\/api.w.org\/{rel}","templated":true}]}}