{"id":1628,"date":"2025-04-19T11:15:40","date_gmt":"2025-04-19T11:15:40","guid":{"rendered":"https:\/\/aaccadiz.com\/noticias\/?p=1628"},"modified":"2025-04-19T11:15:40","modified_gmt":"2025-04-19T11:15:40","slug":"convocatoria-de-asamblea-extraordinaria","status":"publish","type":"post","link":"https:\/\/aaccadiz.com\/noticias\/convocatoria-de-asamblea-extraordinaria\/","title":{"rendered":"CONVOCATORIA DE ASAMBLEA EXTRAORDINARIA."},"content":{"rendered":"<p>CONVOCATORIA DE ASAMBLEA EXTRAORDINARIA.<\/p>\n<p>Fecha: Martes, 22 de Abril 2025<br \/>\nLugar: Sede Asociaci\u00f3n de Autores (C\u00e1diz)<br \/>\nHora: 19:30 en Primera Convocatoria<br \/>\n20:00 en Segunda Convocatoria<\/p>\n<p>Debido a las actuales circunstancias de debate en torno al modelo del COAC, y facultados por el art\u00edculo de nuestros estatutos que permite convocar este tipo de asamblea, se convoca ASAMBLEA EXTRAORDINARIA con el \u00fanico punto en el orden del d\u00eda:<\/p>\n<p>IDEAS, PROPUESTAS Y DEBATE SOBRE POSIBLES MODELOS DEL COAC.<\/p>\n<p>Dada la importancia del tema a tratar, se ruega la m\u00e1xima asistencia.<\/p>\n<p>\u00a1Muchas gracias!<br \/>\nFrancis Sevilla Pecci<br \/>\nPresidente AACC<\/p>\n","protected":false},"excerpt":{"rendered":"<p>CONVOCATORIA DE ASAMBLEA EXTRAORDINARIA. Fecha: Martes, 22 de Abril 2025 Lugar: Sede Asociaci\u00f3n de Autores (C\u00e1diz) Hora: 19:30 en Primera<\/p>\n","protected":false},"author":1,"featured_media":1573,"comment_status":"open","ping_status":"open","sticky":false,"template":"","format":"standard","meta":{"_jetpack_memberships_contains_paid_content":false,"footnotes":""},"categories":[23],"tags":[],"class_list":["post-1628","post","type-post","status-publish","format-standard","has-post-thumbnail","hentry","category-convocatorias"],"magazineBlocksPostFeaturedMedia":{"thumbnail":"https:\/\/i0.wp.com\/aaccadiz.com\/noticias\/wp-content\/uploads\/2024\/10\/aacc.jpg?fit=200%2C133&ssl=1","medium":"https:\/\/i0.wp.com\/aaccadiz.com\/noticias\/wp-content\/uploads\/2024\/10\/aacc.jpg?fit=300%2C200&ssl=1","medium_large":"https:\/\/i0.wp.com\/aaccadiz.com\/noticias\/wp-content\/uploads\/2024\/10\/aacc.jpg?fit=600%2C400&ssl=1","large":"https:\/\/i0.wp.com\/aaccadiz.com\/noticias\/wp-content\/uploads\/2024\/10\/aacc.jpg?fit=600%2C400&ssl=1","1536x1536":"https:\/\/i0.wp.com\/aaccadiz.com\/noticias\/wp-content\/uploads\/2024\/10\/aacc.jpg?fit=600%2C400&ssl=1","2048x2048":"https:\/\/i0.wp.com\/aaccadiz.com\/noticias\/wp-content\/uploads\/2024\/10\/aacc.jpg?fit=600%2C400&ssl=1","colormag-highlighted-post":"https:\/\/i0.wp.com\/aaccadiz.com\/noticias\/wp-content\/uploads\/2024\/10\/aacc.jpg?resize=392%2C272&ssl=1","colormag-featured-post-medium":"https:\/\/i0.wp.com\/aaccadiz.com\/noticias\/wp-content\/uploads\/2024\/10\/aacc.jpg?resize=390%2C205&ssl=1","colormag-featured-post-small":"https:\/\/i0.wp.com\/aaccadiz.com\/noticias\/wp-content\/uploads\/2024\/10\/aacc.jpg?resize=130%2C90&ssl=1","colormag-featured-image":"https:\/\/i0.wp.com\/aaccadiz.com\/noticias\/wp-content\/uploads\/2024\/10\/aacc.jpg?resize=600%2C400&ssl=1","colormag-default-news":"https:\/\/i0.wp.com\/aaccadiz.com\/noticias\/wp-content\/uploads\/2024\/10\/aacc.jpg?resize=150%2C150&ssl=1","colormag-featured-image-large":"https:\/\/i0.wp.com\/aaccadiz.com\/noticias\/wp-content\/uploads\/2024\/10\/aacc.jpg?resize=600%2C400&ssl=1","colormag-elementor-block-extra-large-thumbnail":"https:\/\/i0.wp.com\/aaccadiz.com\/noticias\/wp-content\/uploads\/2024\/10\/aacc.jpg?resize=600%2C400&ssl=1","colormag-elementor-grid-large-thumbnail":"https:\/\/i0.wp.com\/aaccadiz.com\/noticias\/wp-content\/uploads\/2024\/10\/aacc.jpg?resize=600%2C400&ssl=1","colormag-elementor-grid-small-thumbnail":"https:\/\/i0.wp.com\/aaccadiz.com\/noticias\/wp-content\/uploads\/2024\/10\/aacc.jpg?resize=285%2C400&ssl=1","colormag-elementor-grid-medium-large-thumbnail":"https:\/\/i0.wp.com\/aaccadiz.com\/noticias\/wp-content\/uploads\/2024\/10\/aacc.jpg?resize=575%2C198&ssl=1"},"magazineBlocksPostAuthor":{"name":"admin","avatar":"https:\/\/secure.gravatar.com\/avatar\/3c4ced6c95544000c9086543bc2f3cf1075f1b16463799e744e2f0ed2bf08c9f?s=96&d=mm&r=g"},"magazineBlocksPostCommentsNumber":"0","magazineBlocksPostExcerpt":"CONVOCATORIA DE ASAMBLEA EXTRAORDINARIA. Fecha: Martes, 22 de Abril 2025 Lugar: Sede Asociaci\u00f3n de Autores (C\u00e1diz) Hora: 19:30 en Primera","magazineBlocksPostCategories":["CONVOCATORIAS"],"magazineBlocksPostViewCount":1020,"magazineBlocksPostReadTime":1,"magazine_blocks_featured_image_url":{"full":["https:\/\/i0.wp.com\/aaccadiz.com\/noticias\/wp-content\/uploads\/2024\/10\/aacc.jpg?fit=600%2C400&ssl=1",600,400,false],"medium":["https:\/\/i0.wp.com\/aaccadiz.com\/noticias\/wp-content\/uploads\/2024\/10\/aacc.jpg?fit=300%2C200&ssl=1",300,200,true],"thumbnail":["https:\/\/i0.wp.com\/aaccadiz.com\/noticias\/wp-content\/uploads\/2024\/10\/aacc.jpg?fit=200%2C133&ssl=1",200,133,true]},"magazine_blocks_author":{"display_name":"admin","author_link":"https:\/\/aaccadiz.com\/noticias\/author\/aacc\/"},"magazine_blocks_comment":0,"magazine_blocks_author_image":"https:\/\/secure.gravatar.com\/avatar\/3c4ced6c95544000c9086543bc2f3cf1075f1b16463799e744e2f0ed2bf08c9f?s=96&d=mm&r=g","magazine_blocks_category":"<a href=\"#\" class=\"category-link category-link-23\">CONVOCATORIAS<\/a>","yoast_head":"<!-- This site is optimized with the Yoast SEO plugin v26.5 - https:\/\/yoast.com\/wordpress\/plugins\/seo\/ -->\n<title>CONVOCATORIA DE ASAMBLEA EXTRAORDINARIA. - :: Asociacion de Autores ::<\/title>\n<meta name=\"robots\" content=\"index, follow, max-snippet:-1, max-image-preview:large, max-video-preview:-1\" \/>\n<link rel=\"canonical\" href=\"https:\/\/aaccadiz.com\/noticias\/convocatoria-de-asamblea-extraordinaria\/\" \/>\n<meta property=\"og:locale\" content=\"es_ES\" \/>\n<meta property=\"og:type\" content=\"article\" \/>\n<meta property=\"og:title\" content=\"CONVOCATORIA DE ASAMBLEA EXTRAORDINARIA. - :: Asociacion de Autores ::\" \/>\n<meta property=\"og:description\" content=\"CONVOCATORIA DE ASAMBLEA EXTRAORDINARIA. Fecha: Martes, 22 de Abril 2025 Lugar: Sede Asociaci\u00f3n de Autores (C\u00e1diz) Hora: 19:30 en Primera\" \/>\n<meta property=\"og:url\" content=\"https:\/\/aaccadiz.com\/noticias\/convocatoria-de-asamblea-extraordinaria\/\" \/>\n<meta property=\"og:site_name\" content=\":: Asociacion de Autores ::\" \/>\n<meta property=\"article:published_time\" content=\"2025-04-19T11:15:40+00:00\" \/>\n<meta property=\"og:image\" content=\"https:\/\/aaccadiz.com\/noticias\/wp-content\/uploads\/2024\/10\/aacc.jpg\" \/>\n\t<meta property=\"og:image:width\" content=\"600\" \/>\n\t<meta property=\"og:image:height\" content=\"400\" \/>\n\t<meta property=\"og:image:type\" content=\"image\/jpeg\" \/>\n<meta name=\"author\" content=\"admin\" \/>\n<meta name=\"twitter:card\" content=\"summary_large_image\" \/>\n<meta name=\"twitter:label1\" content=\"Escrito por\" \/>\n\t<meta name=\"twitter:data1\" content=\"admin\" \/>\n\t<meta name=\"twitter:label2\" content=\"Tiempo de lectura\" \/>\n\t<meta name=\"twitter:data2\" content=\"1 minuto\" \/>\n<script type=\"application\/ld+json\" class=\"yoast-schema-graph\">{\"@context\":\"https:\/\/schema.org\",\"@graph\":[{\"@type\":\"WebPage\",\"@id\":\"https:\/\/aaccadiz.com\/noticias\/convocatoria-de-asamblea-extraordinaria\/\",\"url\":\"https:\/\/aaccadiz.com\/noticias\/convocatoria-de-asamblea-extraordinaria\/\",\"name\":\"CONVOCATORIA DE ASAMBLEA EXTRAORDINARIA. - :: Asociacion de Autores ::\",\"isPartOf\":{\"@id\":\"https:\/\/aaccadiz.com\/noticias\/#website\"},\"primaryImageOfPage\":{\"@id\":\"https:\/\/aaccadiz.com\/noticias\/convocatoria-de-asamblea-extraordinaria\/#primaryimage\"},\"image\":{\"@id\":\"https:\/\/aaccadiz.com\/noticias\/convocatoria-de-asamblea-extraordinaria\/#primaryimage\"},\"thumbnailUrl\":\"https:\/\/i0.wp.com\/aaccadiz.com\/noticias\/wp-content\/uploads\/2024\/10\/aacc.jpg?fit=600%2C400&ssl=1\",\"datePublished\":\"2025-04-19T11:15:40+00:00\",\"author\":{\"@id\":\"https:\/\/aaccadiz.com\/noticias\/#\/schema\/person\/b22c77c0cb3e0a1f5e631de4957682b2\"},\"breadcrumb\":{\"@id\":\"https:\/\/aaccadiz.com\/noticias\/convocatoria-de-asamblea-extraordinaria\/#breadcrumb\"},\"inLanguage\":\"es\",\"potentialAction\":[{\"@type\":\"ReadAction\",\"target\":[\"https:\/\/aaccadiz.com\/noticias\/convocatoria-de-asamblea-extraordinaria\/\"]}]},{\"@type\":\"ImageObject\",\"inLanguage\":\"es\",\"@id\":\"https:\/\/aaccadiz.com\/noticias\/convocatoria-de-asamblea-extraordinaria\/#primaryimage\",\"url\":\"https:\/\/i0.wp.com\/aaccadiz.com\/noticias\/wp-content\/uploads\/2024\/10\/aacc.jpg?fit=600%2C400&ssl=1\",\"contentUrl\":\"https:\/\/i0.wp.com\/aaccadiz.com\/noticias\/wp-content\/uploads\/2024\/10\/aacc.jpg?fit=600%2C400&ssl=1\",\"width\":600,\"height\":400},{\"@type\":\"BreadcrumbList\",\"@id\":\"https:\/\/aaccadiz.com\/noticias\/convocatoria-de-asamblea-extraordinaria\/#breadcrumb\",\"itemListElement\":[{\"@type\":\"ListItem\",\"position\":1,\"name\":\"Portada\",\"item\":\"https:\/\/aaccadiz.com\/noticias\/\"},{\"@type\":\"ListItem\",\"position\":2,\"name\":\"CONVOCATORIA DE ASAMBLEA EXTRAORDINARIA.\"}]},{\"@type\":\"WebSite\",\"@id\":\"https:\/\/aaccadiz.com\/noticias\/#website\",\"url\":\"https:\/\/aaccadiz.com\/noticias\/\",\"name\":\":: Asociacion de Autores ::\",\"description\":\"Asociacion de Autores del Carnaval de C\u00e1diz\",\"potentialAction\":[{\"@type\":\"SearchAction\",\"target\":{\"@type\":\"EntryPoint\",\"urlTemplate\":\"https:\/\/aaccadiz.com\/noticias\/?s={search_term_string}\"},\"query-input\":{\"@type\":\"PropertyValueSpecification\",\"valueRequired\":true,\"valueName\":\"search_term_string\"}}],\"inLanguage\":\"es\"},{\"@type\":\"Person\",\"@id\":\"https:\/\/aaccadiz.com\/noticias\/#\/schema\/person\/b22c77c0cb3e0a1f5e631de4957682b2\",\"name\":\"admin\",\"image\":{\"@type\":\"ImageObject\",\"inLanguage\":\"es\",\"@id\":\"https:\/\/aaccadiz.com\/noticias\/#\/schema\/person\/image\/\",\"url\":\"https:\/\/secure.gravatar.com\/avatar\/3c4ced6c95544000c9086543bc2f3cf1075f1b16463799e744e2f0ed2bf08c9f?s=96&d=mm&r=g\",\"contentUrl\":\"https:\/\/secure.gravatar.com\/avatar\/3c4ced6c95544000c9086543bc2f3cf1075f1b16463799e744e2f0ed2bf08c9f?s=96&d=mm&r=g\",\"caption\":\"admin\"},\"sameAs\":[\"https:\/\/aaccadiz.com\/web\"],\"url\":\"https:\/\/aaccadiz.com\/noticias\/author\/aacc\/\"}]}<\/script>\n<!-- \/ Yoast SEO plugin. -->","yoast_head_json":{"title":"CONVOCATORIA DE ASAMBLEA EXTRAORDINARIA. - :: Asociacion de Autores ::","robots":{"index":"index","follow":"follow","max-snippet":"max-snippet:-1","max-image-preview":"max-image-preview:large","max-video-preview":"max-video-preview:-1"},"canonical":"https:\/\/aaccadiz.com\/noticias\/convocatoria-de-asamblea-extraordinaria\/","og_locale":"es_ES","og_type":"article","og_title":"CONVOCATORIA DE ASAMBLEA EXTRAORDINARIA. - :: Asociacion de Autores ::","og_description":"CONVOCATORIA DE ASAMBLEA EXTRAORDINARIA. Fecha: Martes, 22 de Abril 2025 Lugar: Sede Asociaci\u00f3n de Autores (C\u00e1diz) Hora: 19:30 en Primera","og_url":"https:\/\/aaccadiz.com\/noticias\/convocatoria-de-asamblea-extraordinaria\/","og_site_name":":: Asociacion de Autores ::","article_published_time":"2025-04-19T11:15:40+00:00","og_image":[{"width":600,"height":400,"url":"https:\/\/aaccadiz.com\/noticias\/wp-content\/uploads\/2024\/10\/aacc.jpg","type":"image\/jpeg"}],"author":"admin","twitter_card":"summary_large_image","twitter_misc":{"Escrito por":"admin","Tiempo de lectura":"1 minuto"},"schema":{"@context":"https:\/\/schema.org","@graph":[{"@type":"WebPage","@id":"https:\/\/aaccadiz.com\/noticias\/convocatoria-de-asamblea-extraordinaria\/","url":"https:\/\/aaccadiz.com\/noticias\/convocatoria-de-asamblea-extraordinaria\/","name":"CONVOCATORIA DE ASAMBLEA EXTRAORDINARIA. - :: Asociacion de Autores ::","isPartOf":{"@id":"https:\/\/aaccadiz.com\/noticias\/#website"},"primaryImageOfPage":{"@id":"https:\/\/aaccadiz.com\/noticias\/convocatoria-de-asamblea-extraordinaria\/#primaryimage"},"image":{"@id":"https:\/\/aaccadiz.com\/noticias\/convocatoria-de-asamblea-extraordinaria\/#primaryimage"},"thumbnailUrl":"https:\/\/i0.wp.com\/aaccadiz.com\/noticias\/wp-content\/uploads\/2024\/10\/aacc.jpg?fit=600%2C400&ssl=1","datePublished":"2025-04-19T11:15:40+00:00","author":{"@id":"https:\/\/aaccadiz.com\/noticias\/#\/schema\/person\/b22c77c0cb3e0a1f5e631de4957682b2"},"breadcrumb":{"@id":"https:\/\/aaccadiz.com\/noticias\/convocatoria-de-asamblea-extraordinaria\/#breadcrumb"},"inLanguage":"es","potentialAction":[{"@type":"ReadAction","target":["https:\/\/aaccadiz.com\/noticias\/convocatoria-de-asamblea-extraordinaria\/"]}]},{"@type":"ImageObject","inLanguage":"es","@id":"https:\/\/aaccadiz.com\/noticias\/convocatoria-de-asamblea-extraordinaria\/#primaryimage","url":"https:\/\/i0.wp.com\/aaccadiz.com\/noticias\/wp-content\/uploads\/2024\/10\/aacc.jpg?fit=600%2C400&ssl=1","contentUrl":"https:\/\/i0.wp.com\/aaccadiz.com\/noticias\/wp-content\/uploads\/2024\/10\/aacc.jpg?fit=600%2C400&ssl=1","width":600,"height":400},{"@type":"BreadcrumbList","@id":"https:\/\/aaccadiz.com\/noticias\/convocatoria-de-asamblea-extraordinaria\/#breadcrumb","itemListElement":[{"@type":"ListItem","position":1,"name":"Portada","item":"https:\/\/aaccadiz.com\/noticias\/"},{"@type":"ListItem","position":2,"name":"CONVOCATORIA DE ASAMBLEA EXTRAORDINARIA."}]},{"@type":"WebSite","@id":"https:\/\/aaccadiz.com\/noticias\/#website","url":"https:\/\/aaccadiz.com\/noticias\/","name":":: Asociacion de Autores ::","description":"Asociacion de Autores del Carnaval de C\u00e1diz","potentialAction":[{"@type":"SearchAction","target":{"@type":"EntryPoint","urlTemplate":"https:\/\/aaccadiz.com\/noticias\/?s={search_term_string}"},"query-input":{"@type":"PropertyValueSpecification","valueRequired":true,"valueName":"search_term_string"}}],"inLanguage":"es"},{"@type":"Person","@id":"https:\/\/aaccadiz.com\/noticias\/#\/schema\/person\/b22c77c0cb3e0a1f5e631de4957682b2","name":"admin","image":{"@type":"ImageObject","inLanguage":"es","@id":"https:\/\/aaccadiz.com\/noticias\/#\/schema\/person\/image\/","url":"https:\/\/secure.gravatar.com\/avatar\/3c4ced6c95544000c9086543bc2f3cf1075f1b16463799e744e2f0ed2bf08c9f?s=96&d=mm&r=g","contentUrl":"https:\/\/secure.gravatar.com\/avatar\/3c4ced6c95544000c9086543bc2f3cf1075f1b16463799e744e2f0ed2bf08c9f?s=96&d=mm&r=g","caption":"admin"},"sameAs":["https:\/\/aaccadiz.com\/web"],"url":"https:\/\/aaccadiz.com\/noticias\/author\/aacc\/"}]}},"jetpack_featured_media_url":"https:\/\/i0.wp.com\/aaccadiz.com\/noticias\/wp-content\/uploads\/2024\/10\/aacc.jpg?fit=600%2C400&ssl=1","jetpack_likes_enabled":true,"jetpack_sharing_enabled":true,"_links":{"self":[{"href":"https:\/\/aaccadiz.com\/noticias\/wp-json\/wp\/v2\/posts\/1628","targetHints":{"allow":["GET"]}}],"collection":[{"href":"https:\/\/aaccadiz.com\/noticias\/wp-json\/wp\/v2\/posts"}],"about":[{"href":"https:\/\/aaccadiz.com\/noticias\/wp-json\/wp\/v2\/types\/post"}],"author":[{"embeddable":true,"href":"https:\/\/aaccadiz.com\/noticias\/wp-json\/wp\/v2\/users\/1"}],"replies":[{"embeddable":true,"href":"https:\/\/aaccadiz.com\/noticias\/wp-json\/wp\/v2\/comments?post=1628"}],"version-history":[{"count":1,"href":"https:\/\/aaccadiz.com\/noticias\/wp-json\/wp\/v2\/posts\/1628\/revisions"}],"predecessor-version":[{"id":1629,"href":"https:\/\/aaccadiz.com\/noticias\/wp-json\/wp\/v2\/posts\/1628\/revisions\/1629"}],"wp:featuredmedia":[{"embeddable":true,"href":"https:\/\/aaccadiz.com\/noticias\/wp-json\/wp\/v2\/media\/1573"}],"wp:attachment":[{"href":"https:\/\/aaccadiz.com\/noticias\/wp-json\/wp\/v2\/media?parent=1628"}],"wp:term":[{"taxonomy":"category","embeddable":true,"href":"https:\/\/aaccadiz.com\/noticias\/wp-json\/wp\/v2\/categories?post=1628"},{"taxonomy":"post_tag","embeddable":true,"href":"https:\/\/aaccadiz.com\/noticias\/wp-json\/wp\/v2\/tags?post=1628"}],"curies":[{"name":"wp","href":"https:\/\/api.w.org\/{rel}","templated":true}]}}