{"id":1636,"date":"2025-07-16T08:03:56","date_gmt":"2025-07-16T08:03:56","guid":{"rendered":"https:\/\/aaccadiz.com\/noticias\/?p=1636"},"modified":"2025-08-01T18:52:28","modified_gmt":"2025-08-01T18:52:28","slug":"me-rio-de-janeiro-2025","status":"publish","type":"post","link":"https:\/\/aaccadiz.com\/noticias\/me-rio-de-janeiro-2025\/","title":{"rendered":"Me R\u00edo de Janeiro 2025"},"content":{"rendered":"<p>Ya est\u00e1n disponibles las entradas para el <strong>ME R\u00cdO DE JANEIRO<\/strong> 2025<\/p>\n<p>En esta ocasi\u00f3n contaremos con las actuaciones de<\/p>\n<ul>\n<li><strong>CORO EL GALLINERO<\/strong><\/li>\n<li><strong>COMPARSA DESOBDC<\/strong><\/li>\n<li><strong>CHIRIGOTA LOS BUTANEROS<\/strong><\/li>\n<li><strong>CHIRIGOTA LOS JAMES BOND<\/strong><\/li>\n<\/ul>\n<p>&nbsp;<\/p>\n<p>Entrega del Premio COPLAS POR ANDALUC\u00cdA A LA COMPARSA<\/p>\n<p><strong>LAS RATAS.<\/strong><\/p>\n<p>&nbsp;<\/p>\n<p>19 DE AGOSTO<\/p>\n<p>BALUARTE DE CANDELARIAS<\/p>\n<p>A LAS 20:30 DE LA TARDE<\/p>\n<p>ENTRADAS EN :<\/p>\n<p><a href=\"https:\/\/www.tickentradas.com\/eventos\/me-rio-de-janeiro-baluarte-candelaria-cadiz-2025\" target=\"_blank\" rel=\"noopener\">Tickentradas.com\u00a0<\/a><\/p>\n<p>&nbsp;<\/p>\n<p>CARTEL ANUNCIADOR<\/p>\n<p><a href=\"https:\/\/i0.wp.com\/aaccadiz.com\/noticias\/wp-content\/uploads\/2025\/07\/meriojaneiro2.jpg?ssl=1\"><img data-recalc-dims=\"1\" fetchpriority=\"high\" decoding=\"async\" class=\"alignnone wp-image-1637 size-medium\" src=\"https:\/\/i0.wp.com\/aaccadiz.com\/noticias\/wp-content\/uploads\/2025\/07\/meriojaneiro2.jpg?resize=300%2C425&#038;ssl=1\" alt=\"\" width=\"300\" height=\"425\" srcset=\"https:\/\/i0.wp.com\/aaccadiz.com\/noticias\/wp-content\/uploads\/2025\/07\/meriojaneiro2.jpg?resize=300%2C425&amp;ssl=1 300w, https:\/\/i0.wp.com\/aaccadiz.com\/noticias\/wp-content\/uploads\/2025\/07\/meriojaneiro2.jpg?resize=200%2C283&amp;ssl=1 200w, https:\/\/i0.wp.com\/aaccadiz.com\/noticias\/wp-content\/uploads\/2025\/07\/meriojaneiro2.jpg?w=636&amp;ssl=1 636w\" sizes=\"(max-width: 300px) 100vw, 300px\" \/><\/a><\/p>\n","protected":false},"excerpt":{"rendered":"<p>Ya est\u00e1n disponibles las entradas para el ME R\u00cdO DE JANEIRO 2025 En esta ocasi\u00f3n contaremos con las actuaciones de<\/p>\n","protected":false},"author":1,"featured_media":1637,"comment_status":"open","ping_status":"open","sticky":false,"template":"","format":"standard","meta":{"colormag_page_container_layout":"default_layout","colormag_page_sidebar_layout":"default_layout","_jetpack_memberships_contains_paid_content":false,"footnotes":""},"categories":[22,19],"tags":[],"class_list":["post-1636","post","type-post","status-publish","format-standard","has-post-thumbnail","hentry","category-eventos","category-noticias"],"magazineBlocksPostFeaturedMedia":{"thumbnail":"https:\/\/i0.wp.com\/aaccadiz.com\/noticias\/wp-content\/uploads\/2025\/07\/meriojaneiro2.jpg?fit=200%2C283&ssl=1","medium":"https:\/\/i0.wp.com\/aaccadiz.com\/noticias\/wp-content\/uploads\/2025\/07\/meriojaneiro2.jpg?fit=300%2C425&ssl=1","medium_large":"https:\/\/i0.wp.com\/aaccadiz.com\/noticias\/wp-content\/uploads\/2025\/07\/meriojaneiro2.jpg?fit=636%2C900&ssl=1","large":"https:\/\/i0.wp.com\/aaccadiz.com\/noticias\/wp-content\/uploads\/2025\/07\/meriojaneiro2.jpg?fit=636%2C900&ssl=1","1536x1536":"https:\/\/i0.wp.com\/aaccadiz.com\/noticias\/wp-content\/uploads\/2025\/07\/meriojaneiro2.jpg?fit=636%2C900&ssl=1","2048x2048":"https:\/\/i0.wp.com\/aaccadiz.com\/noticias\/wp-content\/uploads\/2025\/07\/meriojaneiro2.jpg?fit=636%2C900&ssl=1","colormag-highlighted-post":"https:\/\/i0.wp.com\/aaccadiz.com\/noticias\/wp-content\/uploads\/2025\/07\/meriojaneiro2.jpg?resize=392%2C272&ssl=1","colormag-featured-post-medium":"https:\/\/i0.wp.com\/aaccadiz.com\/noticias\/wp-content\/uploads\/2025\/07\/meriojaneiro2.jpg?resize=390%2C205&ssl=1","colormag-featured-post-small":"https:\/\/i0.wp.com\/aaccadiz.com\/noticias\/wp-content\/uploads\/2025\/07\/meriojaneiro2.jpg?resize=130%2C90&ssl=1","colormag-featured-image":"https:\/\/i0.wp.com\/aaccadiz.com\/noticias\/wp-content\/uploads\/2025\/07\/meriojaneiro2.jpg?resize=636%2C445&ssl=1","colormag-default-news":"https:\/\/i0.wp.com\/aaccadiz.com\/noticias\/wp-content\/uploads\/2025\/07\/meriojaneiro2.jpg?resize=150%2C150&ssl=1","colormag-featured-image-large":"https:\/\/i0.wp.com\/aaccadiz.com\/noticias\/wp-content\/uploads\/2025\/07\/meriojaneiro2.jpg?resize=636%2C600&ssl=1","colormag-elementor-block-extra-large-thumbnail":"https:\/\/i0.wp.com\/aaccadiz.com\/noticias\/wp-content\/uploads\/2025\/07\/meriojaneiro2.jpg?resize=636%2C480&ssl=1","colormag-elementor-grid-large-thumbnail":"https:\/\/i0.wp.com\/aaccadiz.com\/noticias\/wp-content\/uploads\/2025\/07\/meriojaneiro2.jpg?resize=600%2C417&ssl=1","colormag-elementor-grid-small-thumbnail":"https:\/\/i0.wp.com\/aaccadiz.com\/noticias\/wp-content\/uploads\/2025\/07\/meriojaneiro2.jpg?resize=285%2C450&ssl=1","colormag-elementor-grid-medium-large-thumbnail":"https:\/\/i0.wp.com\/aaccadiz.com\/noticias\/wp-content\/uploads\/2025\/07\/meriojaneiro2.jpg?resize=575%2C198&ssl=1"},"magazineBlocksPostAuthor":{"name":"admin","avatar":"https:\/\/secure.gravatar.com\/avatar\/3c4ced6c95544000c9086543bc2f3cf1075f1b16463799e744e2f0ed2bf08c9f?s=96&d=mm&r=g"},"magazineBlocksPostCommentsNumber":"0","magazineBlocksPostExcerpt":"Ya est\u00e1n disponibles las entradas para el ME R\u00cdO DE JANEIRO 2025 En esta ocasi\u00f3n contaremos con las actuaciones de","magazineBlocksPostCategories":["EVENTOS","Noticias"],"magazineBlocksPostViewCount":1520,"magazineBlocksPostReadTime":1,"magazine_blocks_featured_image_url":{"full":["https:\/\/i0.wp.com\/aaccadiz.com\/noticias\/wp-content\/uploads\/2025\/07\/meriojaneiro2.jpg?fit=636%2C900&ssl=1",636,900,false],"medium":["https:\/\/i0.wp.com\/aaccadiz.com\/noticias\/wp-content\/uploads\/2025\/07\/meriojaneiro2.jpg?fit=300%2C425&ssl=1",300,425,true],"thumbnail":["https:\/\/i0.wp.com\/aaccadiz.com\/noticias\/wp-content\/uploads\/2025\/07\/meriojaneiro2.jpg?fit=200%2C283&ssl=1",200,283,true]},"magazine_blocks_author":{"display_name":"admin","author_link":"https:\/\/aaccadiz.com\/noticias\/author\/aacc\/"},"magazine_blocks_comment":0,"magazine_blocks_author_image":"https:\/\/secure.gravatar.com\/avatar\/3c4ced6c95544000c9086543bc2f3cf1075f1b16463799e744e2f0ed2bf08c9f?s=96&d=mm&r=g","magazine_blocks_category":"<a href=\"#\" class=\"category-link category-link-22\">EVENTOS<\/a> <a href=\"#\" class=\"category-link category-link-19\">Noticias<\/a>","yoast_head":"<!-- This site is optimized with the Yoast SEO plugin v26.5 - https:\/\/yoast.com\/wordpress\/plugins\/seo\/ -->\n<title>Me R\u00edo de Janeiro 2025 - :: Asociacion de Autores ::<\/title>\n<meta name=\"robots\" content=\"index, follow, max-snippet:-1, max-image-preview:large, max-video-preview:-1\" \/>\n<link rel=\"canonical\" href=\"https:\/\/aaccadiz.com\/noticias\/me-rio-de-janeiro-2025\/\" \/>\n<meta property=\"og:locale\" content=\"es_ES\" \/>\n<meta property=\"og:type\" content=\"article\" \/>\n<meta property=\"og:title\" content=\"Me R\u00edo de Janeiro 2025 - :: Asociacion de Autores ::\" \/>\n<meta property=\"og:description\" content=\"Ya est\u00e1n disponibles las entradas para el ME R\u00cdO DE JANEIRO 2025 En esta ocasi\u00f3n contaremos con las actuaciones de\" \/>\n<meta property=\"og:url\" content=\"https:\/\/aaccadiz.com\/noticias\/me-rio-de-janeiro-2025\/\" \/>\n<meta property=\"og:site_name\" content=\":: Asociacion de Autores ::\" \/>\n<meta property=\"article:published_time\" content=\"2025-07-16T08:03:56+00:00\" \/>\n<meta property=\"article:modified_time\" content=\"2025-08-01T18:52:28+00:00\" \/>\n<meta property=\"og:image\" content=\"https:\/\/aaccadiz.com\/noticias\/wp-content\/uploads\/2025\/07\/meriojaneiro2.jpg\" \/>\n\t<meta property=\"og:image:width\" content=\"636\" \/>\n\t<meta property=\"og:image:height\" content=\"900\" \/>\n\t<meta property=\"og:image:type\" content=\"image\/jpeg\" \/>\n<meta name=\"author\" content=\"admin\" \/>\n<meta name=\"twitter:card\" content=\"summary_large_image\" \/>\n<meta name=\"twitter:label1\" content=\"Escrito por\" \/>\n\t<meta name=\"twitter:data1\" content=\"admin\" \/>\n\t<meta name=\"twitter:label2\" content=\"Tiempo de lectura\" \/>\n\t<meta name=\"twitter:data2\" content=\"1 minuto\" \/>\n<script type=\"application\/ld+json\" class=\"yoast-schema-graph\">{\"@context\":\"https:\/\/schema.org\",\"@graph\":[{\"@type\":\"WebPage\",\"@id\":\"https:\/\/aaccadiz.com\/noticias\/me-rio-de-janeiro-2025\/\",\"url\":\"https:\/\/aaccadiz.com\/noticias\/me-rio-de-janeiro-2025\/\",\"name\":\"Me R\u00edo de Janeiro 2025 - :: Asociacion de Autores ::\",\"isPartOf\":{\"@id\":\"https:\/\/aaccadiz.com\/noticias\/#website\"},\"primaryImageOfPage\":{\"@id\":\"https:\/\/aaccadiz.com\/noticias\/me-rio-de-janeiro-2025\/#primaryimage\"},\"image\":{\"@id\":\"https:\/\/aaccadiz.com\/noticias\/me-rio-de-janeiro-2025\/#primaryimage\"},\"thumbnailUrl\":\"https:\/\/i0.wp.com\/aaccadiz.com\/noticias\/wp-content\/uploads\/2025\/07\/meriojaneiro2.jpg?fit=636%2C900&ssl=1\",\"datePublished\":\"2025-07-16T08:03:56+00:00\",\"dateModified\":\"2025-08-01T18:52:28+00:00\",\"author\":{\"@id\":\"https:\/\/aaccadiz.com\/noticias\/#\/schema\/person\/b22c77c0cb3e0a1f5e631de4957682b2\"},\"breadcrumb\":{\"@id\":\"https:\/\/aaccadiz.com\/noticias\/me-rio-de-janeiro-2025\/#breadcrumb\"},\"inLanguage\":\"es\",\"potentialAction\":[{\"@type\":\"ReadAction\",\"target\":[\"https:\/\/aaccadiz.com\/noticias\/me-rio-de-janeiro-2025\/\"]}]},{\"@type\":\"ImageObject\",\"inLanguage\":\"es\",\"@id\":\"https:\/\/aaccadiz.com\/noticias\/me-rio-de-janeiro-2025\/#primaryimage\",\"url\":\"https:\/\/i0.wp.com\/aaccadiz.com\/noticias\/wp-content\/uploads\/2025\/07\/meriojaneiro2.jpg?fit=636%2C900&ssl=1\",\"contentUrl\":\"https:\/\/i0.wp.com\/aaccadiz.com\/noticias\/wp-content\/uploads\/2025\/07\/meriojaneiro2.jpg?fit=636%2C900&ssl=1\",\"width\":636,\"height\":900},{\"@type\":\"BreadcrumbList\",\"@id\":\"https:\/\/aaccadiz.com\/noticias\/me-rio-de-janeiro-2025\/#breadcrumb\",\"itemListElement\":[{\"@type\":\"ListItem\",\"position\":1,\"name\":\"Portada\",\"item\":\"https:\/\/aaccadiz.com\/noticias\/\"},{\"@type\":\"ListItem\",\"position\":2,\"name\":\"Me R\u00edo de Janeiro 2025\"}]},{\"@type\":\"WebSite\",\"@id\":\"https:\/\/aaccadiz.com\/noticias\/#website\",\"url\":\"https:\/\/aaccadiz.com\/noticias\/\",\"name\":\":: Asociacion de Autores ::\",\"description\":\"Asociacion de Autores del Carnaval de C\u00e1diz\",\"potentialAction\":[{\"@type\":\"SearchAction\",\"target\":{\"@type\":\"EntryPoint\",\"urlTemplate\":\"https:\/\/aaccadiz.com\/noticias\/?s={search_term_string}\"},\"query-input\":{\"@type\":\"PropertyValueSpecification\",\"valueRequired\":true,\"valueName\":\"search_term_string\"}}],\"inLanguage\":\"es\"},{\"@type\":\"Person\",\"@id\":\"https:\/\/aaccadiz.com\/noticias\/#\/schema\/person\/b22c77c0cb3e0a1f5e631de4957682b2\",\"name\":\"admin\",\"image\":{\"@type\":\"ImageObject\",\"inLanguage\":\"es\",\"@id\":\"https:\/\/aaccadiz.com\/noticias\/#\/schema\/person\/image\/\",\"url\":\"https:\/\/secure.gravatar.com\/avatar\/3c4ced6c95544000c9086543bc2f3cf1075f1b16463799e744e2f0ed2bf08c9f?s=96&d=mm&r=g\",\"contentUrl\":\"https:\/\/secure.gravatar.com\/avatar\/3c4ced6c95544000c9086543bc2f3cf1075f1b16463799e744e2f0ed2bf08c9f?s=96&d=mm&r=g\",\"caption\":\"admin\"},\"sameAs\":[\"https:\/\/aaccadiz.com\/web\"],\"url\":\"https:\/\/aaccadiz.com\/noticias\/author\/aacc\/\"}]}<\/script>\n<!-- \/ Yoast SEO plugin. -->","yoast_head_json":{"title":"Me R\u00edo de Janeiro 2025 - :: Asociacion de Autores ::","robots":{"index":"index","follow":"follow","max-snippet":"max-snippet:-1","max-image-preview":"max-image-preview:large","max-video-preview":"max-video-preview:-1"},"canonical":"https:\/\/aaccadiz.com\/noticias\/me-rio-de-janeiro-2025\/","og_locale":"es_ES","og_type":"article","og_title":"Me R\u00edo de Janeiro 2025 - :: Asociacion de Autores ::","og_description":"Ya est\u00e1n disponibles las entradas para el ME R\u00cdO DE JANEIRO 2025 En esta ocasi\u00f3n contaremos con las actuaciones de","og_url":"https:\/\/aaccadiz.com\/noticias\/me-rio-de-janeiro-2025\/","og_site_name":":: Asociacion de Autores ::","article_published_time":"2025-07-16T08:03:56+00:00","article_modified_time":"2025-08-01T18:52:28+00:00","og_image":[{"width":636,"height":900,"url":"https:\/\/aaccadiz.com\/noticias\/wp-content\/uploads\/2025\/07\/meriojaneiro2.jpg","type":"image\/jpeg"}],"author":"admin","twitter_card":"summary_large_image","twitter_misc":{"Escrito por":"admin","Tiempo de lectura":"1 minuto"},"schema":{"@context":"https:\/\/schema.org","@graph":[{"@type":"WebPage","@id":"https:\/\/aaccadiz.com\/noticias\/me-rio-de-janeiro-2025\/","url":"https:\/\/aaccadiz.com\/noticias\/me-rio-de-janeiro-2025\/","name":"Me R\u00edo de Janeiro 2025 - :: Asociacion de Autores ::","isPartOf":{"@id":"https:\/\/aaccadiz.com\/noticias\/#website"},"primaryImageOfPage":{"@id":"https:\/\/aaccadiz.com\/noticias\/me-rio-de-janeiro-2025\/#primaryimage"},"image":{"@id":"https:\/\/aaccadiz.com\/noticias\/me-rio-de-janeiro-2025\/#primaryimage"},"thumbnailUrl":"https:\/\/i0.wp.com\/aaccadiz.com\/noticias\/wp-content\/uploads\/2025\/07\/meriojaneiro2.jpg?fit=636%2C900&ssl=1","datePublished":"2025-07-16T08:03:56+00:00","dateModified":"2025-08-01T18:52:28+00:00","author":{"@id":"https:\/\/aaccadiz.com\/noticias\/#\/schema\/person\/b22c77c0cb3e0a1f5e631de4957682b2"},"breadcrumb":{"@id":"https:\/\/aaccadiz.com\/noticias\/me-rio-de-janeiro-2025\/#breadcrumb"},"inLanguage":"es","potentialAction":[{"@type":"ReadAction","target":["https:\/\/aaccadiz.com\/noticias\/me-rio-de-janeiro-2025\/"]}]},{"@type":"ImageObject","inLanguage":"es","@id":"https:\/\/aaccadiz.com\/noticias\/me-rio-de-janeiro-2025\/#primaryimage","url":"https:\/\/i0.wp.com\/aaccadiz.com\/noticias\/wp-content\/uploads\/2025\/07\/meriojaneiro2.jpg?fit=636%2C900&ssl=1","contentUrl":"https:\/\/i0.wp.com\/aaccadiz.com\/noticias\/wp-content\/uploads\/2025\/07\/meriojaneiro2.jpg?fit=636%2C900&ssl=1","width":636,"height":900},{"@type":"BreadcrumbList","@id":"https:\/\/aaccadiz.com\/noticias\/me-rio-de-janeiro-2025\/#breadcrumb","itemListElement":[{"@type":"ListItem","position":1,"name":"Portada","item":"https:\/\/aaccadiz.com\/noticias\/"},{"@type":"ListItem","position":2,"name":"Me R\u00edo de Janeiro 2025"}]},{"@type":"WebSite","@id":"https:\/\/aaccadiz.com\/noticias\/#website","url":"https:\/\/aaccadiz.com\/noticias\/","name":":: Asociacion de Autores ::","description":"Asociacion de Autores del Carnaval de C\u00e1diz","potentialAction":[{"@type":"SearchAction","target":{"@type":"EntryPoint","urlTemplate":"https:\/\/aaccadiz.com\/noticias\/?s={search_term_string}"},"query-input":{"@type":"PropertyValueSpecification","valueRequired":true,"valueName":"search_term_string"}}],"inLanguage":"es"},{"@type":"Person","@id":"https:\/\/aaccadiz.com\/noticias\/#\/schema\/person\/b22c77c0cb3e0a1f5e631de4957682b2","name":"admin","image":{"@type":"ImageObject","inLanguage":"es","@id":"https:\/\/aaccadiz.com\/noticias\/#\/schema\/person\/image\/","url":"https:\/\/secure.gravatar.com\/avatar\/3c4ced6c95544000c9086543bc2f3cf1075f1b16463799e744e2f0ed2bf08c9f?s=96&d=mm&r=g","contentUrl":"https:\/\/secure.gravatar.com\/avatar\/3c4ced6c95544000c9086543bc2f3cf1075f1b16463799e744e2f0ed2bf08c9f?s=96&d=mm&r=g","caption":"admin"},"sameAs":["https:\/\/aaccadiz.com\/web"],"url":"https:\/\/aaccadiz.com\/noticias\/author\/aacc\/"}]}},"jetpack_featured_media_url":"https:\/\/i0.wp.com\/aaccadiz.com\/noticias\/wp-content\/uploads\/2025\/07\/meriojaneiro2.jpg?fit=636%2C900&ssl=1","jetpack_likes_enabled":true,"jetpack_sharing_enabled":true,"_links":{"self":[{"href":"https:\/\/aaccadiz.com\/noticias\/wp-json\/wp\/v2\/posts\/1636","targetHints":{"allow":["GET"]}}],"collection":[{"href":"https:\/\/aaccadiz.com\/noticias\/wp-json\/wp\/v2\/posts"}],"about":[{"href":"https:\/\/aaccadiz.com\/noticias\/wp-json\/wp\/v2\/types\/post"}],"author":[{"embeddable":true,"href":"https:\/\/aaccadiz.com\/noticias\/wp-json\/wp\/v2\/users\/1"}],"replies":[{"embeddable":true,"href":"https:\/\/aaccadiz.com\/noticias\/wp-json\/wp\/v2\/comments?post=1636"}],"version-history":[{"count":3,"href":"https:\/\/aaccadiz.com\/noticias\/wp-json\/wp\/v2\/posts\/1636\/revisions"}],"predecessor-version":[{"id":1640,"href":"https:\/\/aaccadiz.com\/noticias\/wp-json\/wp\/v2\/posts\/1636\/revisions\/1640"}],"wp:featuredmedia":[{"embeddable":true,"href":"https:\/\/aaccadiz.com\/noticias\/wp-json\/wp\/v2\/media\/1637"}],"wp:attachment":[{"href":"https:\/\/aaccadiz.com\/noticias\/wp-json\/wp\/v2\/media?parent=1636"}],"wp:term":[{"taxonomy":"category","embeddable":true,"href":"https:\/\/aaccadiz.com\/noticias\/wp-json\/wp\/v2\/categories?post=1636"},{"taxonomy":"post_tag","embeddable":true,"href":"https:\/\/aaccadiz.com\/noticias\/wp-json\/wp\/v2\/tags?post=1636"}],"curies":[{"name":"wp","href":"https:\/\/api.w.org\/{rel}","templated":true}]}}