{"id":1740,"date":"2026-04-29T10:40:41","date_gmt":"2026-04-29T10:40:41","guid":{"rendered":"https:\/\/aaccadiz.com\/noticias\/?p=1740"},"modified":"2026-04-29T10:40:41","modified_gmt":"2026-04-29T10:40:41","slug":"lo-mejo-de-lo-mejon-2026","status":"publish","type":"post","link":"https:\/\/aaccadiz.com\/noticias\/lo-mejo-de-lo-mejon-2026\/","title":{"rendered":"Lo Mej\u00f3 de lo Mej\u00f3n 2026"},"content":{"rendered":"<p>Este a\u00f1o 2026 celebramos la Gala <strong>LO MEJ\u00d3 DE LO MEJ\u00d3N<\/strong> en el Gran Teatro Falla el pr\u00f3ximo d\u00eda 2 de Mayo, S\u00e1bado.<br \/>\nContaremos adem\u00e1s de con todos los premiados con las actuaciones de<\/p>\n<ul>\n<li>Comparsa Los Humanos<\/li>\n<li>Coro ADN<\/li>\n<li>Chirigota Los Antiguos<\/li>\n<li>Cuarteto Que no Vengan<\/li>\n<li>Comparsa Dsas3<\/li>\n<li>Chirigota Una chirigota en teor\u00eda.<\/li>\n<\/ul>\n<p>&nbsp;<\/p>\n","protected":false},"excerpt":{"rendered":"<p>Este a\u00f1o 2026 celebramos la Gala LO MEJ\u00d3 DE LO MEJ\u00d3N en el Gran Teatro Falla el pr\u00f3ximo d\u00eda 2<\/p>\n","protected":false},"author":1,"featured_media":1741,"comment_status":"open","ping_status":"open","sticky":false,"template":"","format":"standard","meta":{"colormag_page_container_layout":"default_layout","colormag_page_sidebar_layout":"default_layout","_jetpack_memberships_contains_paid_content":false,"footnotes":""},"categories":[19],"tags":[],"class_list":["post-1740","post","type-post","status-publish","format-standard","has-post-thumbnail","hentry","category-noticias"],"magazineBlocksPostFeaturedMedia":{"thumbnail":"https:\/\/i0.wp.com\/aaccadiz.com\/noticias\/wp-content\/uploads\/2026\/04\/lomejo2026.jpg?fit=200%2C283&ssl=1","medium":"https:\/\/i0.wp.com\/aaccadiz.com\/noticias\/wp-content\/uploads\/2026\/04\/lomejo2026.jpg?fit=300%2C425&ssl=1","medium_large":"https:\/\/i0.wp.com\/aaccadiz.com\/noticias\/wp-content\/uploads\/2026\/04\/lomejo2026.jpg?fit=636%2C900&ssl=1","large":"https:\/\/i0.wp.com\/aaccadiz.com\/noticias\/wp-content\/uploads\/2026\/04\/lomejo2026.jpg?fit=636%2C900&ssl=1","1536x1536":"https:\/\/i0.wp.com\/aaccadiz.com\/noticias\/wp-content\/uploads\/2026\/04\/lomejo2026.jpg?fit=636%2C900&ssl=1","2048x2048":"https:\/\/i0.wp.com\/aaccadiz.com\/noticias\/wp-content\/uploads\/2026\/04\/lomejo2026.jpg?fit=636%2C900&ssl=1","colormag-highlighted-post":"https:\/\/i0.wp.com\/aaccadiz.com\/noticias\/wp-content\/uploads\/2026\/04\/lomejo2026.jpg?resize=392%2C272&ssl=1","colormag-featured-post-medium":"https:\/\/i0.wp.com\/aaccadiz.com\/noticias\/wp-content\/uploads\/2026\/04\/lomejo2026.jpg?resize=390%2C205&ssl=1","colormag-featured-post-small":"https:\/\/i0.wp.com\/aaccadiz.com\/noticias\/wp-content\/uploads\/2026\/04\/lomejo2026.jpg?resize=130%2C90&ssl=1","colormag-featured-image":"https:\/\/i0.wp.com\/aaccadiz.com\/noticias\/wp-content\/uploads\/2026\/04\/lomejo2026.jpg?resize=636%2C445&ssl=1","colormag-default-news":"https:\/\/i0.wp.com\/aaccadiz.com\/noticias\/wp-content\/uploads\/2026\/04\/lomejo2026.jpg?resize=150%2C150&ssl=1","colormag-featured-image-large":"https:\/\/i0.wp.com\/aaccadiz.com\/noticias\/wp-content\/uploads\/2026\/04\/lomejo2026.jpg?resize=636%2C600&ssl=1","colormag-elementor-block-extra-large-thumbnail":"https:\/\/i0.wp.com\/aaccadiz.com\/noticias\/wp-content\/uploads\/2026\/04\/lomejo2026.jpg?resize=636%2C480&ssl=1","colormag-elementor-grid-large-thumbnail":"https:\/\/i0.wp.com\/aaccadiz.com\/noticias\/wp-content\/uploads\/2026\/04\/lomejo2026.jpg?resize=600%2C417&ssl=1","colormag-elementor-grid-small-thumbnail":"https:\/\/i0.wp.com\/aaccadiz.com\/noticias\/wp-content\/uploads\/2026\/04\/lomejo2026.jpg?resize=285%2C450&ssl=1","colormag-elementor-grid-medium-large-thumbnail":"https:\/\/i0.wp.com\/aaccadiz.com\/noticias\/wp-content\/uploads\/2026\/04\/lomejo2026.jpg?resize=575%2C198&ssl=1"},"magazineBlocksPostAuthor":{"name":"admin","avatar":"https:\/\/secure.gravatar.com\/avatar\/3c4ced6c95544000c9086543bc2f3cf1075f1b16463799e744e2f0ed2bf08c9f?s=96&d=mm&r=g"},"magazineBlocksPostCommentsNumber":"0","magazineBlocksPostExcerpt":"Este a\u00f1o 2026 celebramos la Gala LO MEJ\u00d3 DE LO MEJ\u00d3N en el Gran Teatro Falla el pr\u00f3ximo d\u00eda 2","magazineBlocksPostCategories":["Noticias"],"magazineBlocksPostViewCount":8,"magazineBlocksPostReadTime":1,"magazine_blocks_featured_image_url":{"full":["https:\/\/i0.wp.com\/aaccadiz.com\/noticias\/wp-content\/uploads\/2026\/04\/lomejo2026.jpg?fit=636%2C900&ssl=1",636,900,false],"medium":["https:\/\/i0.wp.com\/aaccadiz.com\/noticias\/wp-content\/uploads\/2026\/04\/lomejo2026.jpg?fit=300%2C425&ssl=1",300,425,true],"thumbnail":["https:\/\/i0.wp.com\/aaccadiz.com\/noticias\/wp-content\/uploads\/2026\/04\/lomejo2026.jpg?fit=200%2C283&ssl=1",200,283,true]},"magazine_blocks_author":{"display_name":"admin","author_link":"https:\/\/aaccadiz.com\/noticias\/author\/aacc\/"},"magazine_blocks_comment":0,"magazine_blocks_author_image":"https:\/\/secure.gravatar.com\/avatar\/3c4ced6c95544000c9086543bc2f3cf1075f1b16463799e744e2f0ed2bf08c9f?s=96&d=mm&r=g","magazine_blocks_category":"<a href=\"#\" class=\"category-link category-link-19\">Noticias<\/a>","yoast_head":"<!-- This site is optimized with the Yoast SEO plugin v26.5 - https:\/\/yoast.com\/wordpress\/plugins\/seo\/ -->\n<title>Lo Mej\u00f3 de lo Mej\u00f3n 2026 - :: Asociacion de Autores ::<\/title>\n<meta name=\"robots\" content=\"index, follow, max-snippet:-1, max-image-preview:large, max-video-preview:-1\" \/>\n<link rel=\"canonical\" href=\"https:\/\/aaccadiz.com\/noticias\/lo-mejo-de-lo-mejon-2026\/\" \/>\n<meta property=\"og:locale\" content=\"es_ES\" \/>\n<meta property=\"og:type\" content=\"article\" \/>\n<meta property=\"og:title\" content=\"Lo Mej\u00f3 de lo Mej\u00f3n 2026 - :: Asociacion de Autores ::\" \/>\n<meta property=\"og:description\" content=\"Este a\u00f1o 2026 celebramos la Gala LO MEJ\u00d3 DE LO MEJ\u00d3N en el Gran Teatro Falla el pr\u00f3ximo d\u00eda 2\" \/>\n<meta property=\"og:url\" content=\"https:\/\/aaccadiz.com\/noticias\/lo-mejo-de-lo-mejon-2026\/\" \/>\n<meta property=\"og:site_name\" content=\":: Asociacion de Autores ::\" \/>\n<meta property=\"article:published_time\" content=\"2026-04-29T10:40:41+00:00\" \/>\n<meta property=\"og:image\" content=\"https:\/\/aaccadiz.com\/noticias\/wp-content\/uploads\/2026\/04\/lomejo2026.jpg\" \/>\n\t<meta property=\"og:image:width\" content=\"636\" \/>\n\t<meta property=\"og:image:height\" content=\"900\" \/>\n\t<meta property=\"og:image:type\" content=\"image\/jpeg\" \/>\n<meta name=\"author\" content=\"admin\" \/>\n<meta name=\"twitter:card\" content=\"summary_large_image\" \/>\n<meta name=\"twitter:label1\" content=\"Escrito por\" \/>\n\t<meta name=\"twitter:data1\" content=\"admin\" \/>\n\t<meta name=\"twitter:label2\" content=\"Tiempo de lectura\" \/>\n\t<meta name=\"twitter:data2\" content=\"1 minuto\" \/>\n<script type=\"application\/ld+json\" class=\"yoast-schema-graph\">{\"@context\":\"https:\/\/schema.org\",\"@graph\":[{\"@type\":\"WebPage\",\"@id\":\"https:\/\/aaccadiz.com\/noticias\/lo-mejo-de-lo-mejon-2026\/\",\"url\":\"https:\/\/aaccadiz.com\/noticias\/lo-mejo-de-lo-mejon-2026\/\",\"name\":\"Lo Mej\u00f3 de lo Mej\u00f3n 2026 - :: Asociacion de Autores ::\",\"isPartOf\":{\"@id\":\"https:\/\/aaccadiz.com\/noticias\/#website\"},\"primaryImageOfPage\":{\"@id\":\"https:\/\/aaccadiz.com\/noticias\/lo-mejo-de-lo-mejon-2026\/#primaryimage\"},\"image\":{\"@id\":\"https:\/\/aaccadiz.com\/noticias\/lo-mejo-de-lo-mejon-2026\/#primaryimage\"},\"thumbnailUrl\":\"https:\/\/i0.wp.com\/aaccadiz.com\/noticias\/wp-content\/uploads\/2026\/04\/lomejo2026.jpg?fit=636%2C900&ssl=1\",\"datePublished\":\"2026-04-29T10:40:41+00:00\",\"author\":{\"@id\":\"https:\/\/aaccadiz.com\/noticias\/#\/schema\/person\/b22c77c0cb3e0a1f5e631de4957682b2\"},\"breadcrumb\":{\"@id\":\"https:\/\/aaccadiz.com\/noticias\/lo-mejo-de-lo-mejon-2026\/#breadcrumb\"},\"inLanguage\":\"es\",\"potentialAction\":[{\"@type\":\"ReadAction\",\"target\":[\"https:\/\/aaccadiz.com\/noticias\/lo-mejo-de-lo-mejon-2026\/\"]}]},{\"@type\":\"ImageObject\",\"inLanguage\":\"es\",\"@id\":\"https:\/\/aaccadiz.com\/noticias\/lo-mejo-de-lo-mejon-2026\/#primaryimage\",\"url\":\"https:\/\/i0.wp.com\/aaccadiz.com\/noticias\/wp-content\/uploads\/2026\/04\/lomejo2026.jpg?fit=636%2C900&ssl=1\",\"contentUrl\":\"https:\/\/i0.wp.com\/aaccadiz.com\/noticias\/wp-content\/uploads\/2026\/04\/lomejo2026.jpg?fit=636%2C900&ssl=1\",\"width\":636,\"height\":900},{\"@type\":\"BreadcrumbList\",\"@id\":\"https:\/\/aaccadiz.com\/noticias\/lo-mejo-de-lo-mejon-2026\/#breadcrumb\",\"itemListElement\":[{\"@type\":\"ListItem\",\"position\":1,\"name\":\"Portada\",\"item\":\"https:\/\/aaccadiz.com\/noticias\/\"},{\"@type\":\"ListItem\",\"position\":2,\"name\":\"Lo Mej\u00f3 de lo Mej\u00f3n 2026\"}]},{\"@type\":\"WebSite\",\"@id\":\"https:\/\/aaccadiz.com\/noticias\/#website\",\"url\":\"https:\/\/aaccadiz.com\/noticias\/\",\"name\":\":: Asociacion de Autores ::\",\"description\":\"Asociacion de Autores del Carnaval de C\u00e1diz\",\"potentialAction\":[{\"@type\":\"SearchAction\",\"target\":{\"@type\":\"EntryPoint\",\"urlTemplate\":\"https:\/\/aaccadiz.com\/noticias\/?s={search_term_string}\"},\"query-input\":{\"@type\":\"PropertyValueSpecification\",\"valueRequired\":true,\"valueName\":\"search_term_string\"}}],\"inLanguage\":\"es\"},{\"@type\":\"Person\",\"@id\":\"https:\/\/aaccadiz.com\/noticias\/#\/schema\/person\/b22c77c0cb3e0a1f5e631de4957682b2\",\"name\":\"admin\",\"image\":{\"@type\":\"ImageObject\",\"inLanguage\":\"es\",\"@id\":\"https:\/\/aaccadiz.com\/noticias\/#\/schema\/person\/image\/\",\"url\":\"https:\/\/secure.gravatar.com\/avatar\/3c4ced6c95544000c9086543bc2f3cf1075f1b16463799e744e2f0ed2bf08c9f?s=96&d=mm&r=g\",\"contentUrl\":\"https:\/\/secure.gravatar.com\/avatar\/3c4ced6c95544000c9086543bc2f3cf1075f1b16463799e744e2f0ed2bf08c9f?s=96&d=mm&r=g\",\"caption\":\"admin\"},\"sameAs\":[\"https:\/\/aaccadiz.com\/web\"],\"url\":\"https:\/\/aaccadiz.com\/noticias\/author\/aacc\/\"}]}<\/script>\n<!-- \/ Yoast SEO plugin. -->","yoast_head_json":{"title":"Lo Mej\u00f3 de lo Mej\u00f3n 2026 - :: Asociacion de Autores ::","robots":{"index":"index","follow":"follow","max-snippet":"max-snippet:-1","max-image-preview":"max-image-preview:large","max-video-preview":"max-video-preview:-1"},"canonical":"https:\/\/aaccadiz.com\/noticias\/lo-mejo-de-lo-mejon-2026\/","og_locale":"es_ES","og_type":"article","og_title":"Lo Mej\u00f3 de lo Mej\u00f3n 2026 - :: Asociacion de Autores ::","og_description":"Este a\u00f1o 2026 celebramos la Gala LO MEJ\u00d3 DE LO MEJ\u00d3N en el Gran Teatro Falla el pr\u00f3ximo d\u00eda 2","og_url":"https:\/\/aaccadiz.com\/noticias\/lo-mejo-de-lo-mejon-2026\/","og_site_name":":: Asociacion de Autores ::","article_published_time":"2026-04-29T10:40:41+00:00","og_image":[{"width":636,"height":900,"url":"https:\/\/aaccadiz.com\/noticias\/wp-content\/uploads\/2026\/04\/lomejo2026.jpg","type":"image\/jpeg"}],"author":"admin","twitter_card":"summary_large_image","twitter_misc":{"Escrito por":"admin","Tiempo de lectura":"1 minuto"},"schema":{"@context":"https:\/\/schema.org","@graph":[{"@type":"WebPage","@id":"https:\/\/aaccadiz.com\/noticias\/lo-mejo-de-lo-mejon-2026\/","url":"https:\/\/aaccadiz.com\/noticias\/lo-mejo-de-lo-mejon-2026\/","name":"Lo Mej\u00f3 de lo Mej\u00f3n 2026 - :: Asociacion de Autores ::","isPartOf":{"@id":"https:\/\/aaccadiz.com\/noticias\/#website"},"primaryImageOfPage":{"@id":"https:\/\/aaccadiz.com\/noticias\/lo-mejo-de-lo-mejon-2026\/#primaryimage"},"image":{"@id":"https:\/\/aaccadiz.com\/noticias\/lo-mejo-de-lo-mejon-2026\/#primaryimage"},"thumbnailUrl":"https:\/\/i0.wp.com\/aaccadiz.com\/noticias\/wp-content\/uploads\/2026\/04\/lomejo2026.jpg?fit=636%2C900&ssl=1","datePublished":"2026-04-29T10:40:41+00:00","author":{"@id":"https:\/\/aaccadiz.com\/noticias\/#\/schema\/person\/b22c77c0cb3e0a1f5e631de4957682b2"},"breadcrumb":{"@id":"https:\/\/aaccadiz.com\/noticias\/lo-mejo-de-lo-mejon-2026\/#breadcrumb"},"inLanguage":"es","potentialAction":[{"@type":"ReadAction","target":["https:\/\/aaccadiz.com\/noticias\/lo-mejo-de-lo-mejon-2026\/"]}]},{"@type":"ImageObject","inLanguage":"es","@id":"https:\/\/aaccadiz.com\/noticias\/lo-mejo-de-lo-mejon-2026\/#primaryimage","url":"https:\/\/i0.wp.com\/aaccadiz.com\/noticias\/wp-content\/uploads\/2026\/04\/lomejo2026.jpg?fit=636%2C900&ssl=1","contentUrl":"https:\/\/i0.wp.com\/aaccadiz.com\/noticias\/wp-content\/uploads\/2026\/04\/lomejo2026.jpg?fit=636%2C900&ssl=1","width":636,"height":900},{"@type":"BreadcrumbList","@id":"https:\/\/aaccadiz.com\/noticias\/lo-mejo-de-lo-mejon-2026\/#breadcrumb","itemListElement":[{"@type":"ListItem","position":1,"name":"Portada","item":"https:\/\/aaccadiz.com\/noticias\/"},{"@type":"ListItem","position":2,"name":"Lo Mej\u00f3 de lo Mej\u00f3n 2026"}]},{"@type":"WebSite","@id":"https:\/\/aaccadiz.com\/noticias\/#website","url":"https:\/\/aaccadiz.com\/noticias\/","name":":: Asociacion de Autores ::","description":"Asociacion de Autores del Carnaval de C\u00e1diz","potentialAction":[{"@type":"SearchAction","target":{"@type":"EntryPoint","urlTemplate":"https:\/\/aaccadiz.com\/noticias\/?s={search_term_string}"},"query-input":{"@type":"PropertyValueSpecification","valueRequired":true,"valueName":"search_term_string"}}],"inLanguage":"es"},{"@type":"Person","@id":"https:\/\/aaccadiz.com\/noticias\/#\/schema\/person\/b22c77c0cb3e0a1f5e631de4957682b2","name":"admin","image":{"@type":"ImageObject","inLanguage":"es","@id":"https:\/\/aaccadiz.com\/noticias\/#\/schema\/person\/image\/","url":"https:\/\/secure.gravatar.com\/avatar\/3c4ced6c95544000c9086543bc2f3cf1075f1b16463799e744e2f0ed2bf08c9f?s=96&d=mm&r=g","contentUrl":"https:\/\/secure.gravatar.com\/avatar\/3c4ced6c95544000c9086543bc2f3cf1075f1b16463799e744e2f0ed2bf08c9f?s=96&d=mm&r=g","caption":"admin"},"sameAs":["https:\/\/aaccadiz.com\/web"],"url":"https:\/\/aaccadiz.com\/noticias\/author\/aacc\/"}]}},"jetpack_featured_media_url":"https:\/\/i0.wp.com\/aaccadiz.com\/noticias\/wp-content\/uploads\/2026\/04\/lomejo2026.jpg?fit=636%2C900&ssl=1","jetpack_likes_enabled":true,"jetpack_sharing_enabled":true,"_links":{"self":[{"href":"https:\/\/aaccadiz.com\/noticias\/wp-json\/wp\/v2\/posts\/1740","targetHints":{"allow":["GET"]}}],"collection":[{"href":"https:\/\/aaccadiz.com\/noticias\/wp-json\/wp\/v2\/posts"}],"about":[{"href":"https:\/\/aaccadiz.com\/noticias\/wp-json\/wp\/v2\/types\/post"}],"author":[{"embeddable":true,"href":"https:\/\/aaccadiz.com\/noticias\/wp-json\/wp\/v2\/users\/1"}],"replies":[{"embeddable":true,"href":"https:\/\/aaccadiz.com\/noticias\/wp-json\/wp\/v2\/comments?post=1740"}],"version-history":[{"count":1,"href":"https:\/\/aaccadiz.com\/noticias\/wp-json\/wp\/v2\/posts\/1740\/revisions"}],"predecessor-version":[{"id":1742,"href":"https:\/\/aaccadiz.com\/noticias\/wp-json\/wp\/v2\/posts\/1740\/revisions\/1742"}],"wp:featuredmedia":[{"embeddable":true,"href":"https:\/\/aaccadiz.com\/noticias\/wp-json\/wp\/v2\/media\/1741"}],"wp:attachment":[{"href":"https:\/\/aaccadiz.com\/noticias\/wp-json\/wp\/v2\/media?parent=1740"}],"wp:term":[{"taxonomy":"category","embeddable":true,"href":"https:\/\/aaccadiz.com\/noticias\/wp-json\/wp\/v2\/categories?post=1740"},{"taxonomy":"post_tag","embeddable":true,"href":"https:\/\/aaccadiz.com\/noticias\/wp-json\/wp\/v2\/tags?post=1740"}],"curies":[{"name":"wp","href":"https:\/\/api.w.org\/{rel}","templated":true}]}}